{"id":1168,"date":"2021-02-08T16:03:23","date_gmt":"2021-02-08T15:03:23","guid":{"rendered":"http:\/\/www.aemroncocanavese.it\/?p=1168"},"modified":"2021-02-08T16:03:23","modified_gmt":"2021-02-08T15:03:23","slug":"servizio-a-tutele-graduali","status":"publish","type":"post","link":"http:\/\/www.aemroncocanavese.it\/?p=1168","title":{"rendered":"Servizio a tutele graduali"},"content":{"rendered":"<p>A partire dal 1\u00b0 gennaio 2021, le piccole imprese e le sole microimprese con almeno un punto con potenza superiore a 15 kW nel mercato tutelato, laddove non abbiano sottoscritto un&#8217;offerta del mercato libero passeranno automaticamente e temporaneamente, senza interruzioni della fornitura, nel \u201cservizio a tutele graduali\u201d.<\/p>\n<p>Nel periodo 1\u00b0 gennaio 2021 &#8211; 30 giugno 2021 l&#8217;utenza sar\u00e0 assegnata in modo transitorio al fornitore della maggiore tutela che gi\u00e0 serve il cliente. Il prezzo sar\u00e0 in questa prima fase analogo a quello del servizio di maggior tutela che, per la parte della spesa per la materia energia, continuer\u00e0 a riflettere le variazioni del prezzo dell&#8217;energia elettrica nel mercato all&#8217;ingrosso ma sar\u00e0 basato sui valori del prezzo di riferimento dell&#8217;energia elettrica in Italia acquistata alla borsa elettrica. Tutte le altre componenti della bolletta continueranno a essere stabilite dall&#8217;Autorit\u00e0.<\/p>\n<p>dal 1\u00b0 luglio 2021 (seconda fase) il Servizio a Tutele Graduali sar\u00e0 erogato dagli esercenti selezionati attraverso specifiche procedure concorsuali che si svolgeranno a livello territoriale. Non sar\u00e0 pi\u00f9 l\u2019attuale esercente a fornire il servizio di vendita di energia elettrica.<\/p>\n<p>Le informazioni sul passaggio alle tutele graduali possono essere reperite al seguente Link o chiamando il numero verde 800166654 appositamente istituito dall\u2019ARERA:\u00a0<a href=\"http:\/\/www.arera.it\/finetutela\">www.arera.it\/finetutela<\/a><\/p>\n","protected":false},"excerpt":{"rendered":"<p>A partire dal 1\u00b0 gennaio 2021, le piccole imprese e le sole microimprese con almeno un punto con potenza superiore a 15 kW nel mercato tutelato, laddove non abbiano sottoscritto un&#8217;offerta del mercato libero passeranno automaticamente e temporaneamente, senza interruzioni <a href=\"http:\/\/www.aemroncocanavese.it\/?p=1168\" class=\"read-more\">Continua la lettura &#8230;<\/a><\/p>\n","protected":false},"author":1,"featured_media":0,"comment_status":"closed","ping_status":"closed","sticky":false,"template":"","format":"standard","meta":[],"categories":[7],"tags":[],"_links":{"self":[{"href":"http:\/\/www.aemroncocanavese.it\/index.php?rest_route=\/wp\/v2\/posts\/1168"}],"collection":[{"href":"http:\/\/www.aemroncocanavese.it\/index.php?rest_route=\/wp\/v2\/posts"}],"about":[{"href":"http:\/\/www.aemroncocanavese.it\/index.php?rest_route=\/wp\/v2\/types\/post"}],"author":[{"embeddable":true,"href":"http:\/\/www.aemroncocanavese.it\/index.php?rest_route=\/wp\/v2\/users\/1"}],"replies":[{"embeddable":true,"href":"http:\/\/www.aemroncocanavese.it\/index.php?rest_route=%2Fwp%2Fv2%2Fcomments&post=1168"}],"version-history":[{"count":1,"href":"http:\/\/www.aemroncocanavese.it\/index.php?rest_route=\/wp\/v2\/posts\/1168\/revisions"}],"predecessor-version":[{"id":1169,"href":"http:\/\/www.aemroncocanavese.it\/index.php?rest_route=\/wp\/v2\/posts\/1168\/revisions\/1169"}],"wp:attachment":[{"href":"http:\/\/www.aemroncocanavese.it\/index.php?rest_route=%2Fwp%2Fv2%2Fmedia&parent=1168"}],"wp:term":[{"taxonomy":"category","embeddable":true,"href":"http:\/\/www.aemroncocanavese.it\/index.php?rest_route=%2Fwp%2Fv2%2Fcategories&post=1168"},{"taxonomy":"post_tag","embeddable":true,"href":"http:\/\/www.aemroncocanavese.it\/index.php?rest_route=%2Fwp%2Fv2%2Ftags&post=1168"}],"curies":[{"name":"wp","href":"https:\/\/api.w.org\/{rel}","templated":true}]}}